{"id":85,"date":"2021-04-22T11:05:05","date_gmt":"2021-04-22T11:05:05","guid":{"rendered":"https:\/\/oppidum.iesvirgendelcarmen.com\/?p=85"},"modified":"2021-04-22T11:05:13","modified_gmt":"2021-04-22T11:05:13","slug":"si-las-vasijas-hablasen","status":"publish","type":"post","link":"https:\/\/oppidum.iesvirgendelcarmen.com\/?p=85","title":{"rendered":"Si las vasijas hablasen"},"content":{"rendered":"\n<p>Los m\u00e1s peque\u00f1os del centro han demostrado que tambi\u00e9n saben investigar y poner su creatividad al servicio del patrimonio local. En este caso, la actividad se la ha documentado su profesora Esperanza Leandro en un Genially, donde pod\u00e9is ver el proceso. En resumen, se trataba de realizar historias a partir de las im\u00e1genes de vasijas, platos o estatuas iberas. En esas historias imaginarias han recreado su hipot\u00e9tico mundo Ibero y lo han ilustrado en un comic dise\u00f1ado por ellos mismo a mano. Para el d\u00eda de Andaluc\u00eda, Esperanza colg\u00f3 c\u00f3digos QR por todo el centro para fomentar la lectura entre nuestro alumnado y conocer la cultura ibera de la provincia. \u00a1ENHORABUENA CAMPEONES!<\/p>\n\n\n\n<figure class=\"wp-block-gallery columns-2 is-cropped wp-block-gallery-1 is-layout-flex wp-block-gallery-is-layout-flex\"><ul class=\"blocks-gallery-grid\"><li class=\"blocks-gallery-item\"><figure><img loading=\"lazy\" decoding=\"async\" width=\"1536\" height=\"2048\" src=\"https:\/\/oppidum.iesvirgendelcarmen.com\/wp-content\/uploads\/2021\/04\/IMG_20210226_101632.jpg\" alt=\"esperanza\" data-id=\"31\" data-full-url=\"https:\/\/oppidum.iesvirgendelcarmen.com\/wp-content\/uploads\/2021\/04\/IMG_20210226_101632.jpg\" data-link=\"https:\/\/oppidum.iesvirgendelcarmen.com\/?attachment_id=31\" class=\"wp-image-31\"\/><\/figure><\/li><li class=\"blocks-gallery-item\"><figure><img loading=\"lazy\" decoding=\"async\" width=\"1536\" height=\"2048\" src=\"https:\/\/oppidum.iesvirgendelcarmen.com\/wp-content\/uploads\/2021\/04\/IMG_20210226_101937.jpg\" alt=\"qr\" data-id=\"28\" data-full-url=\"https:\/\/oppidum.iesvirgendelcarmen.com\/wp-content\/uploads\/2021\/04\/IMG_20210226_101937.jpg\" data-link=\"https:\/\/oppidum.iesvirgendelcarmen.com\/?attachment_id=28\" class=\"wp-image-28\"\/><\/figure><\/li><\/ul><\/figure>\n\n\n\n<figure class=\"wp-block-embed is-type-wp-embed is-provider-genially wp-block-embed-genially\"><div class=\"wp-block-embed__wrapper\">\n<iframe class=\"wp-embedded-content\" sandbox=\"allow-scripts\" security=\"restricted\" title=\"ORISON Y EL LE\u00d3N\" frameborder='0' width='1200' height='675' src='https:\/\/view.genial.ly\/6030bd4772dd1e0da393f083#?secret=jxlaxlOXfw' data-secret='jxlaxlOXfw' scrolling='yes'><\/iframe>\n<\/div><\/figure>\n","protected":false},"excerpt":{"rendered":"<p>Los m\u00e1s peque\u00f1os del centro han demostrado que tambi\u00e9n saben investigar y poner su creatividad al servicio del patrimonio local. En este caso, la actividad se la ha documentado su profesora Esperanza Leandro en un Genially, donde pod\u00e9is ver el proceso. En resumen, se trataba de realizar historias a partir [&hellip;]<\/p>\n","protected":false},"author":2,"featured_media":0,"comment_status":"open","ping_status":"open","sticky":false,"template":"","format":"standard","meta":{"footnotes":""},"categories":[3],"tags":[6,8,7,5,4],"class_list":["post-85","post","type-post","status-publish","format-standard","hentry","category-utensilios","tag-esperanza","tag-estatuas","tag-platos","tag-qr","tag-vasijas"],"yoast_head":"<!-- This site is optimized with the Yoast SEO plugin v26.8 - https:\/\/yoast.com\/product\/yoast-seo-wordpress\/ -->\n<title>Si las vasijas hablasen - Oppidum IES Virgen del Carmen<\/title>\n<meta name=\"robots\" content=\"index, follow, max-snippet:-1, max-image-preview:large, max-video-preview:-1\" \/>\n<link rel=\"canonical\" href=\"https:\/\/oppidum.iesvirgendelcarmen.com\/?p=85\" \/>\n<meta property=\"og:locale\" content=\"es_ES\" \/>\n<meta property=\"og:type\" content=\"article\" \/>\n<meta property=\"og:title\" content=\"Si las vasijas hablasen - Oppidum IES Virgen del Carmen\" \/>\n<meta property=\"og:description\" content=\"Los m\u00e1s peque\u00f1os del centro han demostrado que tambi\u00e9n saben investigar y poner su creatividad al servicio del patrimonio local. En este caso, la actividad se la ha documentado su profesora Esperanza Leandro en un Genially, donde pod\u00e9is ver el proceso. En resumen, se trataba de realizar historias a partir [&hellip;]\" \/>\n<meta property=\"og:url\" content=\"https:\/\/oppidum.iesvirgendelcarmen.com\/?p=85\" \/>\n<meta property=\"og:site_name\" content=\"Oppidum IES Virgen del Carmen\" \/>\n<meta property=\"article:published_time\" content=\"2021-04-22T11:05:05+00:00\" \/>\n<meta property=\"article:modified_time\" content=\"2021-04-22T11:05:13+00:00\" \/>\n<meta property=\"og:image\" content=\"https:\/\/oppidum.iesvirgendelcarmen.com\/wp-content\/uploads\/2021\/04\/IMG_20210226_101632.jpg\" \/>\n<meta name=\"author\" content=\"Elena\" \/>\n<meta name=\"twitter:card\" content=\"summary_large_image\" \/>\n<meta name=\"twitter:label1\" content=\"Escrito por\" \/>\n\t<meta name=\"twitter:data1\" content=\"Elena\" \/>\n\t<meta name=\"twitter:label2\" content=\"Tiempo de lectura\" \/>\n\t<meta name=\"twitter:data2\" content=\"1 minuto\" \/>\n<script type=\"application\/ld+json\" class=\"yoast-schema-graph\">{\"@context\":\"https:\/\/schema.org\",\"@graph\":[{\"@type\":\"Article\",\"@id\":\"https:\/\/oppidum.iesvirgendelcarmen.com\/?p=85#article\",\"isPartOf\":{\"@id\":\"https:\/\/oppidum.iesvirgendelcarmen.com\/?p=85\"},\"author\":{\"name\":\"Elena\",\"@id\":\"https:\/\/oppidum.iesvirgendelcarmen.com\/#\/schema\/person\/0d2583f73d54f02d834fe24b885006ee\"},\"headline\":\"Si las vasijas hablasen\",\"datePublished\":\"2021-04-22T11:05:05+00:00\",\"dateModified\":\"2021-04-22T11:05:13+00:00\",\"mainEntityOfPage\":{\"@id\":\"https:\/\/oppidum.iesvirgendelcarmen.com\/?p=85\"},\"wordCount\":135,\"commentCount\":0,\"publisher\":{\"@id\":\"https:\/\/oppidum.iesvirgendelcarmen.com\/#organization\"},\"image\":{\"@id\":\"https:\/\/oppidum.iesvirgendelcarmen.com\/?p=85#primaryimage\"},\"thumbnailUrl\":\"https:\/\/oppidum.iesvirgendelcarmen.com\/wp-content\/uploads\/2021\/04\/IMG_20210226_101632.jpg\",\"keywords\":[\"esperanza\",\"estatuas\",\"platos\",\"qr\",\"vasijas\"],\"articleSection\":[\"utensilios\"],\"inLanguage\":\"es\",\"potentialAction\":[{\"@type\":\"CommentAction\",\"name\":\"Comment\",\"target\":[\"https:\/\/oppidum.iesvirgendelcarmen.com\/?p=85#respond\"]}]},{\"@type\":\"WebPage\",\"@id\":\"https:\/\/oppidum.iesvirgendelcarmen.com\/?p=85\",\"url\":\"https:\/\/oppidum.iesvirgendelcarmen.com\/?p=85\",\"name\":\"Si las vasijas hablasen - Oppidum IES Virgen del Carmen\",\"isPartOf\":{\"@id\":\"https:\/\/oppidum.iesvirgendelcarmen.com\/#website\"},\"primaryImageOfPage\":{\"@id\":\"https:\/\/oppidum.iesvirgendelcarmen.com\/?p=85#primaryimage\"},\"image\":{\"@id\":\"https:\/\/oppidum.iesvirgendelcarmen.com\/?p=85#primaryimage\"},\"thumbnailUrl\":\"https:\/\/oppidum.iesvirgendelcarmen.com\/wp-content\/uploads\/2021\/04\/IMG_20210226_101632.jpg\",\"datePublished\":\"2021-04-22T11:05:05+00:00\",\"dateModified\":\"2021-04-22T11:05:13+00:00\",\"breadcrumb\":{\"@id\":\"https:\/\/oppidum.iesvirgendelcarmen.com\/?p=85#breadcrumb\"},\"inLanguage\":\"es\",\"potentialAction\":[{\"@type\":\"ReadAction\",\"target\":[\"https:\/\/oppidum.iesvirgendelcarmen.com\/?p=85\"]}]},{\"@type\":\"ImageObject\",\"inLanguage\":\"es\",\"@id\":\"https:\/\/oppidum.iesvirgendelcarmen.com\/?p=85#primaryimage\",\"url\":\"https:\/\/oppidum.iesvirgendelcarmen.com\/wp-content\/uploads\/2021\/04\/IMG_20210226_101632.jpg\",\"contentUrl\":\"https:\/\/oppidum.iesvirgendelcarmen.com\/wp-content\/uploads\/2021\/04\/IMG_20210226_101632.jpg\",\"width\":1536,\"height\":2048,\"caption\":\"esperanza\"},{\"@type\":\"BreadcrumbList\",\"@id\":\"https:\/\/oppidum.iesvirgendelcarmen.com\/?p=85#breadcrumb\",\"itemListElement\":[{\"@type\":\"ListItem\",\"position\":1,\"name\":\"Portada\",\"item\":\"https:\/\/oppidum.iesvirgendelcarmen.com\/\"},{\"@type\":\"ListItem\",\"position\":2,\"name\":\"Si las vasijas hablasen\"}]},{\"@type\":\"WebSite\",\"@id\":\"https:\/\/oppidum.iesvirgendelcarmen.com\/#website\",\"url\":\"https:\/\/oppidum.iesvirgendelcarmen.com\/\",\"name\":\"Oppidum IES Virgen del Carmen\",\"description\":\"Proyecto ABP desarrollado por el IES Virgen del Carmen sobre el pueblo \u00cdbero\",\"publisher\":{\"@id\":\"https:\/\/oppidum.iesvirgendelcarmen.com\/#organization\"},\"potentialAction\":[{\"@type\":\"SearchAction\",\"target\":{\"@type\":\"EntryPoint\",\"urlTemplate\":\"https:\/\/oppidum.iesvirgendelcarmen.com\/?s={search_term_string}\"},\"query-input\":{\"@type\":\"PropertyValueSpecification\",\"valueRequired\":true,\"valueName\":\"search_term_string\"}}],\"inLanguage\":\"es\"},{\"@type\":\"Organization\",\"@id\":\"https:\/\/oppidum.iesvirgendelcarmen.com\/#organization\",\"name\":\"Oppidum IES Virgen del Carmen\",\"url\":\"https:\/\/oppidum.iesvirgendelcarmen.com\/\",\"logo\":{\"@type\":\"ImageObject\",\"inLanguage\":\"es\",\"@id\":\"https:\/\/oppidum.iesvirgendelcarmen.com\/#\/schema\/logo\/image\/\",\"url\":\"https:\/\/oppidum.iesvirgendelcarmen.com\/wp-content\/uploads\/2021\/04\/LogoWeb.png\",\"contentUrl\":\"https:\/\/oppidum.iesvirgendelcarmen.com\/wp-content\/uploads\/2021\/04\/LogoWeb.png\",\"width\":134,\"height\":88,\"caption\":\"Oppidum IES Virgen del Carmen\"},\"image\":{\"@id\":\"https:\/\/oppidum.iesvirgendelcarmen.com\/#\/schema\/logo\/image\/\"}},{\"@type\":\"Person\",\"@id\":\"https:\/\/oppidum.iesvirgendelcarmen.com\/#\/schema\/person\/0d2583f73d54f02d834fe24b885006ee\",\"name\":\"Elena\",\"image\":{\"@type\":\"ImageObject\",\"inLanguage\":\"es\",\"@id\":\"https:\/\/oppidum.iesvirgendelcarmen.com\/#\/schema\/person\/image\/\",\"url\":\"https:\/\/secure.gravatar.com\/avatar\/c863fb532421f7a48c038595fa125f3a?s=96&d=mm&r=g\",\"contentUrl\":\"https:\/\/secure.gravatar.com\/avatar\/c863fb532421f7a48c038595fa125f3a?s=96&d=mm&r=g\",\"caption\":\"Elena\"},\"url\":\"https:\/\/oppidum.iesvirgendelcarmen.com\/?author=2\"}]}<\/script>\n<!-- \/ Yoast SEO plugin. -->","yoast_head_json":{"title":"Si las vasijas hablasen - Oppidum IES Virgen del Carmen","robots":{"index":"index","follow":"follow","max-snippet":"max-snippet:-1","max-image-preview":"max-image-preview:large","max-video-preview":"max-video-preview:-1"},"canonical":"https:\/\/oppidum.iesvirgendelcarmen.com\/?p=85","og_locale":"es_ES","og_type":"article","og_title":"Si las vasijas hablasen - Oppidum IES Virgen del Carmen","og_description":"Los m\u00e1s peque\u00f1os del centro han demostrado que tambi\u00e9n saben investigar y poner su creatividad al servicio del patrimonio local. En este caso, la actividad se la ha documentado su profesora Esperanza Leandro en un Genially, donde pod\u00e9is ver el proceso. En resumen, se trataba de realizar historias a partir [&hellip;]","og_url":"https:\/\/oppidum.iesvirgendelcarmen.com\/?p=85","og_site_name":"Oppidum IES Virgen del Carmen","article_published_time":"2021-04-22T11:05:05+00:00","article_modified_time":"2021-04-22T11:05:13+00:00","og_image":[{"url":"https:\/\/oppidum.iesvirgendelcarmen.com\/wp-content\/uploads\/2021\/04\/IMG_20210226_101632.jpg","type":"","width":"","height":""}],"author":"Elena","twitter_card":"summary_large_image","twitter_misc":{"Escrito por":"Elena","Tiempo de lectura":"1 minuto"},"schema":{"@context":"https:\/\/schema.org","@graph":[{"@type":"Article","@id":"https:\/\/oppidum.iesvirgendelcarmen.com\/?p=85#article","isPartOf":{"@id":"https:\/\/oppidum.iesvirgendelcarmen.com\/?p=85"},"author":{"name":"Elena","@id":"https:\/\/oppidum.iesvirgendelcarmen.com\/#\/schema\/person\/0d2583f73d54f02d834fe24b885006ee"},"headline":"Si las vasijas hablasen","datePublished":"2021-04-22T11:05:05+00:00","dateModified":"2021-04-22T11:05:13+00:00","mainEntityOfPage":{"@id":"https:\/\/oppidum.iesvirgendelcarmen.com\/?p=85"},"wordCount":135,"commentCount":0,"publisher":{"@id":"https:\/\/oppidum.iesvirgendelcarmen.com\/#organization"},"image":{"@id":"https:\/\/oppidum.iesvirgendelcarmen.com\/?p=85#primaryimage"},"thumbnailUrl":"https:\/\/oppidum.iesvirgendelcarmen.com\/wp-content\/uploads\/2021\/04\/IMG_20210226_101632.jpg","keywords":["esperanza","estatuas","platos","qr","vasijas"],"articleSection":["utensilios"],"inLanguage":"es","potentialAction":[{"@type":"CommentAction","name":"Comment","target":["https:\/\/oppidum.iesvirgendelcarmen.com\/?p=85#respond"]}]},{"@type":"WebPage","@id":"https:\/\/oppidum.iesvirgendelcarmen.com\/?p=85","url":"https:\/\/oppidum.iesvirgendelcarmen.com\/?p=85","name":"Si las vasijas hablasen - Oppidum IES Virgen del Carmen","isPartOf":{"@id":"https:\/\/oppidum.iesvirgendelcarmen.com\/#website"},"primaryImageOfPage":{"@id":"https:\/\/oppidum.iesvirgendelcarmen.com\/?p=85#primaryimage"},"image":{"@id":"https:\/\/oppidum.iesvirgendelcarmen.com\/?p=85#primaryimage"},"thumbnailUrl":"https:\/\/oppidum.iesvirgendelcarmen.com\/wp-content\/uploads\/2021\/04\/IMG_20210226_101632.jpg","datePublished":"2021-04-22T11:05:05+00:00","dateModified":"2021-04-22T11:05:13+00:00","breadcrumb":{"@id":"https:\/\/oppidum.iesvirgendelcarmen.com\/?p=85#breadcrumb"},"inLanguage":"es","potentialAction":[{"@type":"ReadAction","target":["https:\/\/oppidum.iesvirgendelcarmen.com\/?p=85"]}]},{"@type":"ImageObject","inLanguage":"es","@id":"https:\/\/oppidum.iesvirgendelcarmen.com\/?p=85#primaryimage","url":"https:\/\/oppidum.iesvirgendelcarmen.com\/wp-content\/uploads\/2021\/04\/IMG_20210226_101632.jpg","contentUrl":"https:\/\/oppidum.iesvirgendelcarmen.com\/wp-content\/uploads\/2021\/04\/IMG_20210226_101632.jpg","width":1536,"height":2048,"caption":"esperanza"},{"@type":"BreadcrumbList","@id":"https:\/\/oppidum.iesvirgendelcarmen.com\/?p=85#breadcrumb","itemListElement":[{"@type":"ListItem","position":1,"name":"Portada","item":"https:\/\/oppidum.iesvirgendelcarmen.com\/"},{"@type":"ListItem","position":2,"name":"Si las vasijas hablasen"}]},{"@type":"WebSite","@id":"https:\/\/oppidum.iesvirgendelcarmen.com\/#website","url":"https:\/\/oppidum.iesvirgendelcarmen.com\/","name":"Oppidum IES Virgen del Carmen","description":"Proyecto ABP desarrollado por el IES Virgen del Carmen sobre el pueblo \u00cdbero","publisher":{"@id":"https:\/\/oppidum.iesvirgendelcarmen.com\/#organization"},"potentialAction":[{"@type":"SearchAction","target":{"@type":"EntryPoint","urlTemplate":"https:\/\/oppidum.iesvirgendelcarmen.com\/?s={search_term_string}"},"query-input":{"@type":"PropertyValueSpecification","valueRequired":true,"valueName":"search_term_string"}}],"inLanguage":"es"},{"@type":"Organization","@id":"https:\/\/oppidum.iesvirgendelcarmen.com\/#organization","name":"Oppidum IES Virgen del Carmen","url":"https:\/\/oppidum.iesvirgendelcarmen.com\/","logo":{"@type":"ImageObject","inLanguage":"es","@id":"https:\/\/oppidum.iesvirgendelcarmen.com\/#\/schema\/logo\/image\/","url":"https:\/\/oppidum.iesvirgendelcarmen.com\/wp-content\/uploads\/2021\/04\/LogoWeb.png","contentUrl":"https:\/\/oppidum.iesvirgendelcarmen.com\/wp-content\/uploads\/2021\/04\/LogoWeb.png","width":134,"height":88,"caption":"Oppidum IES Virgen del Carmen"},"image":{"@id":"https:\/\/oppidum.iesvirgendelcarmen.com\/#\/schema\/logo\/image\/"}},{"@type":"Person","@id":"https:\/\/oppidum.iesvirgendelcarmen.com\/#\/schema\/person\/0d2583f73d54f02d834fe24b885006ee","name":"Elena","image":{"@type":"ImageObject","inLanguage":"es","@id":"https:\/\/oppidum.iesvirgendelcarmen.com\/#\/schema\/person\/image\/","url":"https:\/\/secure.gravatar.com\/avatar\/c863fb532421f7a48c038595fa125f3a?s=96&d=mm&r=g","contentUrl":"https:\/\/secure.gravatar.com\/avatar\/c863fb532421f7a48c038595fa125f3a?s=96&d=mm&r=g","caption":"Elena"},"url":"https:\/\/oppidum.iesvirgendelcarmen.com\/?author=2"}]}},"_links":{"self":[{"href":"https:\/\/oppidum.iesvirgendelcarmen.com\/index.php?rest_route=\/wp\/v2\/posts\/85","targetHints":{"allow":["GET"]}}],"collection":[{"href":"https:\/\/oppidum.iesvirgendelcarmen.com\/index.php?rest_route=\/wp\/v2\/posts"}],"about":[{"href":"https:\/\/oppidum.iesvirgendelcarmen.com\/index.php?rest_route=\/wp\/v2\/types\/post"}],"author":[{"embeddable":true,"href":"https:\/\/oppidum.iesvirgendelcarmen.com\/index.php?rest_route=\/wp\/v2\/users\/2"}],"replies":[{"embeddable":true,"href":"https:\/\/oppidum.iesvirgendelcarmen.com\/index.php?rest_route=%2Fwp%2Fv2%2Fcomments&post=85"}],"version-history":[{"count":1,"href":"https:\/\/oppidum.iesvirgendelcarmen.com\/index.php?rest_route=\/wp\/v2\/posts\/85\/revisions"}],"predecessor-version":[{"id":86,"href":"https:\/\/oppidum.iesvirgendelcarmen.com\/index.php?rest_route=\/wp\/v2\/posts\/85\/revisions\/86"}],"wp:attachment":[{"href":"https:\/\/oppidum.iesvirgendelcarmen.com\/index.php?rest_route=%2Fwp%2Fv2%2Fmedia&parent=85"}],"wp:term":[{"taxonomy":"category","embeddable":true,"href":"https:\/\/oppidum.iesvirgendelcarmen.com\/index.php?rest_route=%2Fwp%2Fv2%2Fcategories&post=85"},{"taxonomy":"post_tag","embeddable":true,"href":"https:\/\/oppidum.iesvirgendelcarmen.com\/index.php?rest_route=%2Fwp%2Fv2%2Ftags&post=85"}],"curies":[{"name":"wp","href":"https:\/\/api.w.org\/{rel}","templated":true}]}}